{"id":1881,"date":"2017-09-25T10:31:10","date_gmt":"2017-09-25T10:31:10","guid":{"rendered":"http:\/\/maedagua.pt\/?p=1881"},"modified":"2017-11-20T17:37:29","modified_gmt":"2017-11-20T17:37:29","slug":"um-mapa-muitas-questoes","status":"publish","type":"post","link":"https:\/\/maedagua.pt\/?p=1881","title":{"rendered":"Um mapa, muitas quest\u00f5es\u2026"},"content":{"rendered":"<p>[et_pb_section bb_built=&#8221;1&#8243; fullwidth=&#8221;off&#8221; specialty=&#8221;on&#8221;][et_pb_column type=&#8221;3_4&#8243; specialty_columns=&#8221;3&#8243;][et_pb_row_inner][et_pb_column_inner type=&#8221;4_4&#8243; saved_specialty_column_type=&#8221;3_4&#8243;][et_pb_text _builder_version=&#8221;3.0.76&#8243; text_font_size=&#8221;15px&#8221; text_line_height=&#8221;1.5em&#8221; background_size=&#8221;initial&#8221; background_position=&#8221;top_left&#8221; background_repeat=&#8221;repeat&#8221; background_layout=&#8221;light&#8221; border_style=&#8221;solid&#8221; saved_tabs=&#8221;all&#8221; border_style_all=&#8221;solid&#8221;]<\/p>\n<p><span style=\"color: #333333;\">por Renato Neves<br \/>\n25 Agosto 2017<\/span><\/p>\n<p><span style=\"color: #333333;\">A quest\u00e3o dos baldios, do seu aproveitamento e da sua posse remonta ao s\u00e9culo XIX, datando da viragem do s\u00e9culo as primeiras floresta\u00e7\u00f5es do Estado nesses territ\u00f3rios.\u00a0<\/span><\/p>\n<p><span style=\"color: #333333;\">No entanto \u00e9 com o Estado Novo que a quest\u00e3o ganha particular acuidade, tendo pela primeira vez sido realizado o cadastro dessas \u00e1reas, iniciado em 1932 pela Divis\u00e3o de Baldios, Incultos e Coloniza\u00e7\u00e3o da Direc\u00e7\u00e3o Geral da Ac\u00e7\u00e3o Social Agr\u00e1ria. Organismo que acabou por ser extinto em 1936 dando origem, com novas compet\u00eancias, \u00e0 Junta de Coloniza\u00e7\u00e3o Interna (JCI), que embora muito virada para as quest\u00f5es dos aproveitamentos hidroagr\u00edcolas e estabelecimento de colonos em foros ou parcelas arrendadas que beneficiassem do regadio, tinha tamb\u00e9m a preocupa\u00e7\u00e3o de \u201ccolonizar\u201d \u00e1reas dos baldios com alguma aptid\u00e3o agr\u00edcola, atrav\u00e9s do estabelecimento de \u201ccol\u00f3nias\u201d, na pr\u00e1tica novos aldeamentos, em que os agricultores, apoiados t\u00e9cnica e financeiramente pela JCI, viessem a arrotear essas \u00e1rea de baldios que, posteriormente passariam para a sua plena posse.<\/span><\/p>\n<p><span style=\"color: #333333;\">Esta vis\u00e3o de um aproveitamento quase unifamiliar, \u201cagr\u00e1rio\u201d de \u201cprivatiza\u00e7\u00e3o\u201d dos baldios, estava em completo desacordo com a vis\u00e3o \u201cflorestal\u201d e \u201cindustrial\u201d, de \u201cestatiza\u00e7\u00e3o\u201d representada pelos Servi\u00e7os Florestais, e assim no seio do Minist\u00e9rio da Agricultura viveu-se uma tens\u00e3o entre as duas fac\u00e7\u00f5es, sendo no entanto a \u201cfac\u00e7\u00e3o florestal\u201d beneficiada, logo que as quest\u00f5es eram levadas ao Conselho de Ministros ou \u00e0 C\u00e2mara Corporativa.<\/span><\/p>\n<p><span style=\"color: #333333;\">Ainda assim, e ap\u00f3s o cadastro, a JCI veio a constituir uma reserva de \u00e1reas \u201ccoloniz\u00e1veis\u201d de que este mapa nos d\u00e1 conta, e que perfaziam para o continente uma \u00e1rea superior a 40.000ha no entanto, provavelmente, muito longe do que os defensores da \u201cvis\u00e3o agr\u00e1ria\u201d defendiam.<\/span><\/p>\n<p><span style=\"color: #333333;\">Com a lei do Povoamento Florestal de 15 de Junho de 1938, grande parte dos baldios passam a ser integrados nos chamados per\u00edmetros florestais e por via disso, passam para a posse do Estado. At\u00e9 aos anos 50 assiste-se, apesar de muitas vozes contr\u00e1rias, a uma verdadeira estatiza\u00e7\u00e3o dos baldios, e os Servi\u00e7os Florestais passam a assumir um papel de super estrutura nacional, dividida em administra\u00e7\u00f5es, circunscri\u00e7\u00f5es e per\u00edmetros florestais. A sua ac\u00e7\u00e3o n\u00e3o se limitava aos terrenos do Estado, promovendo a floresta\u00e7\u00e3o de alguns terrenos baldios que restavam ainda para usufruto dos povos, e mesmo \u00e1reas privadas. <\/span><\/p>\n<p><span style=\"color: #333333;\">A vis\u00e3o da JCI para os baldios aplicou-se apenas em algumas situa\u00e7\u00f5es muito pontuais, a sua reserva de \u201c\u00e1rea coloniz\u00e1vel\u201d e o seu conceito quanto ao destino dessas \u00e1reas n\u00e3o teve qualquer seguimento.<\/span><\/p>\n<p><span style=\"color: #333333;\">E se tivesse tido? Ter\u00edamos hoje uma floresta diferente? <\/span><span style=\"color: #333333;\">\u00c9 dif\u00edcil de saber, tamb\u00e9m porque o processo de floresta\u00e7\u00e3o intensiva dos baldios se arrastou at\u00e9 ao in\u00edcio dos anos sessenta coincidindo parcialmente com o come\u00e7o do abandono generalizado do interior atrav\u00e9s da emigra\u00e7\u00e3o.<\/span><\/p>\n<p><span style=\"color: #333333;\">Haver\u00e1 alguma rela\u00e7\u00e3o entre estes dois acontecimentos? Ap\u00f3s um ver\u00e3o de inc\u00eandios florestais tr\u00e1gicos \u00e9 uma boa pergunta para estes tempos de mudan\u00e7a &#8211; e de esperan\u00e7a &#8211; para a floresta portuguesa.<\/span><\/p>\n<p>&nbsp;<\/p>\n<p>[\/et_pb_text][et_pb_text _builder_version=&#8221;3.0.76&#8243; text_font_size=&#8221;13px&#8221; text_line_height=&#8221;1.5em&#8221; background_size=&#8221;initial&#8221; background_position=&#8221;top_left&#8221; background_repeat=&#8221;repeat&#8221; background_layout=&#8221;light&#8221; border_style=&#8221;solid&#8221; saved_tabs=&#8221;all&#8221; border_style_all=&#8221;solid&#8221;]<\/p>\n<p><span style=\"color: #333333;\"><strong>Nota:<\/strong> O mapa que apresentamos \u00e9 proveniente de uma publica\u00e7\u00e3o desconhecida.<\/span><\/p>\n<p><strong><span style=\"color: #333333;\">Refer\u00eancias:<\/span><\/strong><br \/>\n<span style=\"color: #333333;\">Jo\u00e3o Antunes Est\u00eav\u00e3o, \u201cA Floresta\u00e7\u00e3o dos Baldios\u201d; An\u00e1lise Social, Vol XIX (77-78-79), 1983-3\u00ba,4\u00ba,5\u00ba, 1157-1260<\/span><\/p>\n<p>[\/et_pb_text][\/et_pb_column_inner][\/et_pb_row_inner][et_pb_row_inner][et_pb_column_inner type=&#8221;1_2&#8243; saved_specialty_column_type=&#8221;3_4&#8243;][et_pb_social_media_follow _builder_version=&#8221;3.0.76&#8243; link_shape=&#8221;rounded_rectangle&#8221; url_new_window=&#8221;off&#8221; follow_button=&#8221;off&#8221; background_layout=&#8221;light&#8221; saved_tabs=&#8221;all&#8221; border_radii=&#8221;rounded_rectangle&#8221;] [et_pb_social_media_follow_network social_network=&#8221;facebook&#8221; src=&#8221;%22https:\/\/www.facebook.com\/plugins\/post.php?href=https%3A%2F%2Fwww.facebook.com%2Fmaedagua.pt%2Fposts%2F702249156641731&amp;width=500%22&#8243; width=&#8221;%22500%22&#8243; height=&#8221;%22560%22&#8243; style=&#8221;%22border:none;overflow:hidden%22&#8243; scrolling=&#8221;%22no%22&#8243; frameborder=&#8221;%220%22&#8243; _builder_version=&#8221;3.0.76&#8243; link_shape=&#8221;rounded_rectangle&#8221; follow_button=&#8221;off&#8221; url_new_window=&#8221;on&#8221; skype_action=&#8221;call&#8221; url=&#8221;https:\/\/www.facebook.com\/maedagua.pt\/posts\/717407755125871&#8243; background_color=&#8221;#3b5998&#8243; use_background_color_gradient=&#8221;off&#8221; background_color_gradient_start=&#8221;#2b87da&#8221; background_color_gradient_end=&#8221;#29c4a9&#8243; background_color_gradient_type=&#8221;linear&#8221; background_color_gradient_direction=&#8221;180deg&#8221; background_color_gradient_direction_radial=&#8221;center&#8221; background_color_gradient_start_position=&#8221;0%&#8221; background_color_gradient_end_position=&#8221;100%&#8221; parallax=&#8221;off&#8221; parallax_method=&#8221;on&#8221; background_size=&#8221;cover&#8221; background_position=&#8221;center&#8221; background_repeat=&#8221;no-repeat&#8221; background_blend=&#8221;normal&#8221; allow_player_pause=&#8221;off&#8221;] Facebook [\/et_pb_social_media_follow_network][et_pb_social_media_follow_network social_network=&#8221;linkedin&#8221; url=&#8221;https:\/\/www.linkedin.com\/feed\/update\/urn:li:activity:6318030433065979904&#8243; _builder_version=&#8221;3.0.76&#8243; link_shape=&#8221;rounded_rectangle&#8221; follow_button=&#8221;off&#8221; url_new_window=&#8221;on&#8221; skype_action=&#8221;call&#8221; background_color=&#8221;#007bb6&#8243; use_background_color_gradient=&#8221;off&#8221; background_color_gradient_start=&#8221;#2b87da&#8221; background_color_gradient_end=&#8221;#29c4a9&#8243; background_color_gradient_type=&#8221;linear&#8221; background_color_gradient_direction=&#8221;180deg&#8221; background_color_gradient_direction_radial=&#8221;center&#8221; background_color_gradient_start_position=&#8221;0%&#8221; background_color_gradient_end_position=&#8221;100%&#8221; parallax=&#8221;off&#8221; parallax_method=&#8221;on&#8221; background_size=&#8221;cover&#8221; background_position=&#8221;center&#8221; background_repeat=&#8221;no-repeat&#8221; background_blend=&#8221;normal&#8221; allow_player_pause=&#8221;off&#8221;] LinkedIn [\/et_pb_social_media_follow_network] [\/et_pb_social_media_follow][\/et_pb_column_inner][et_pb_column_inner type=&#8221;1_2&#8243; saved_specialty_column_type=&#8221;3_4&#8243;][\/et_pb_column_inner][\/et_pb_row_inner][et_pb_row_inner admin_label=&#8221;Row&#8221;][et_pb_column_inner type=&#8221;4_4&#8243; saved_specialty_column_type=&#8221;3_4&#8243;][et_pb_post_nav _builder_version=&#8221;3.0.89&#8243; in_same_term=&#8221;off&#8221; show_prev=&#8221;on&#8221; show_next=&#8221;on&#8221; title_font_size=&#8221;12px&#8221; title_text_color=&#8221;#2ea3f2&#8243; custom_padding=&#8221;10px|20px|10px|20px&#8221; border_width_all=&#8221;1px&#8221; border_color_all=&#8221;#2ea3f2&#8243; prev_text=&#8221;Anterior&#8221; next_text=&#8221;Pr\u00f3ximo&#8221; saved_tabs=&#8221;all&#8221; \/][\/et_pb_column_inner][\/et_pb_row_inner][\/et_pb_column][et_pb_column type=&#8221;1_4&#8243;][et_pb_sidebar orientation=&#8221;right&#8221; area=&#8221;sidebar-1&#8243; remove_border=&#8221;on&#8221; _builder_version=&#8221;3.0.69&#8243; header_font=&#8221;|on|||&#8221; header_font_size=&#8221;15px&#8221; header_line_height=&#8221;2.5em&#8221; body_font_size=&#8221;12px&#8221; body_line_height=&#8221;1.5em&#8221; saved_tabs=&#8221;all&#8221; background_layout=&#8221;light&#8221; show_border=&#8221;on&#8221; \/][\/et_pb_column][\/et_pb_section]<\/p>\n","protected":false},"excerpt":{"rendered":"<p>Um documento de 1938, ano da publica\u00e7\u00e3o da lei do Povoamento Florestal, que nos leva a pensar que tudo poderia ter sido diferente e que talvez agora tiv\u00e9ssemos outra realidade na nossa floresta\u2026<\/p>\n","protected":false},"author":1,"featured_media":1895,"comment_status":"closed","ping_status":"closed","sticky":false,"template":"","format":"standard","meta":{"_et_pb_use_builder":"on","_et_pb_old_content":"","_et_gb_content_width":"","_mi_skip_tracking":false,"footnotes":""},"categories":[57,58],"tags":[66,67,63,62,61,65,59,64,60],"class_list":["post-1881","post","type-post","status-publish","format-standard","has-post-thumbnail","hentry","category-floresta","category-gestao-florestal","tag-estado-novo","tag-florestacao","tag-florestacao-dos-baldios","tag-gestao-e-ordenamento-florestal","tag-junta-de-colonizacao-interna","tag-lei-do-povoamento-florestal-de-1938","tag-mapa-dos-baldios-1938","tag-posse-dos-baldios","tag-servicos-florestais"],"_links":{"self":[{"href":"https:\/\/maedagua.pt\/index.php?rest_route=\/wp\/v2\/posts\/1881","targetHints":{"allow":["GET"]}}],"collection":[{"href":"https:\/\/maedagua.pt\/index.php?rest_route=\/wp\/v2\/posts"}],"about":[{"href":"https:\/\/maedagua.pt\/index.php?rest_route=\/wp\/v2\/types\/post"}],"author":[{"embeddable":true,"href":"https:\/\/maedagua.pt\/index.php?rest_route=\/wp\/v2\/users\/1"}],"replies":[{"embeddable":true,"href":"https:\/\/maedagua.pt\/index.php?rest_route=%2Fwp%2Fv2%2Fcomments&post=1881"}],"version-history":[{"count":4,"href":"https:\/\/maedagua.pt\/index.php?rest_route=\/wp\/v2\/posts\/1881\/revisions"}],"predecessor-version":[{"id":2268,"href":"https:\/\/maedagua.pt\/index.php?rest_route=\/wp\/v2\/posts\/1881\/revisions\/2268"}],"wp:featuredmedia":[{"embeddable":true,"href":"https:\/\/maedagua.pt\/index.php?rest_route=\/wp\/v2\/media\/1895"}],"wp:attachment":[{"href":"https:\/\/maedagua.pt\/index.php?rest_route=%2Fwp%2Fv2%2Fmedia&parent=1881"}],"wp:term":[{"taxonomy":"category","embeddable":true,"href":"https:\/\/maedagua.pt\/index.php?rest_route=%2Fwp%2Fv2%2Fcategories&post=1881"},{"taxonomy":"post_tag","embeddable":true,"href":"https:\/\/maedagua.pt\/index.php?rest_route=%2Fwp%2Fv2%2Ftags&post=1881"}],"curies":[{"name":"wp","href":"https:\/\/api.w.org\/{rel}","templated":true}]}}