{"id":1766,"date":"2017-08-21T08:22:48","date_gmt":"2017-08-21T08:22:48","guid":{"rendered":"http:\/\/maedagua.pt\/?p=1766"},"modified":"2017-11-20T17:33:21","modified_gmt":"2017-11-20T17:33:21","slug":"os-primeiros-ja-chegaram","status":"publish","type":"post","link":"https:\/\/maedagua.pt\/?p=1766","title":{"rendered":"Os primeiros j\u00e1 chegaram!"},"content":{"rendered":"<p>[et_pb_section bb_built=&#8221;1&#8243; fullwidth=&#8221;off&#8221; specialty=&#8221;on&#8221;][et_pb_column type=&#8221;3_4&#8243; specialty_columns=&#8221;3&#8243;][et_pb_row_inner][et_pb_column_inner type=&#8221;4_4&#8243; saved_specialty_column_type=&#8221;3_4&#8243;][et_pb_text _builder_version=&#8221;3.0.69&#8243; text_font_size=&#8221;15px&#8221; text_line_height=&#8221;1.5em&#8221; background_size=&#8221;initial&#8221; background_position=&#8221;top_left&#8221; background_repeat=&#8221;repeat&#8221; background_layout=&#8221;light&#8221; text_orientation=&#8221;left&#8221; border_style=&#8221;solid&#8221; saved_tabs=&#8221;all&#8221; module_alignment=&#8221;left&#8221; border_style_all=&#8221;solid&#8221;]<\/p>\n<p><span style=\"color: #333333;\">por Renato Neves<br \/>\n21 de Agosto 2017<\/span><\/p>\n<p><span style=\"color: #333333;\">S\u00e3o conhecidos por tralh\u00f5es, taralh\u00f5es, piscos-d\u2019asa-branca, ou mais eruditamente por papa-moscas-pretos (<em>Ficedula hypoleuca<\/em>).<\/span><\/p>\n<p><span style=\"color: #333333;\">At\u00e9 meados de Outubro haver\u00e1 sempre tralh\u00f5es em passagem migrat\u00f3ria. N\u00f3s us\u00e1mos este (ilustra\u00e7\u00e3o de Rosa Bernardo) como uma das personagens do Ver\u00e3o, numa instala\u00e7\u00e3o que desenvolvemos no interior de um antigo moinho de vento.<\/span><\/p>\n<div id=\"attachment_1767\" style=\"width: 410px\" class=\"wp-caption aligncenter\"><img loading=\"lazy\" decoding=\"async\" aria-describedby=\"caption-attachment-1767\" class=\"wp-image-1767 \" src=\"https:\/\/maedagua.pt\/wp-content\/uploads\/2017\/08\/2-3.jpg\" alt=\"Montagem da estrutura e afina\u00e7\u00e3o de luzes e mecanismo temporizador girat\u00f3rio\" width=\"400\" height=\"299\" srcset=\"https:\/\/maedagua.pt\/wp-content\/uploads\/2017\/08\/2-3.jpg 795w, https:\/\/maedagua.pt\/wp-content\/uploads\/2017\/08\/2-3-300x225.jpg 300w, https:\/\/maedagua.pt\/wp-content\/uploads\/2017\/08\/2-3-768x576.jpg 768w, https:\/\/maedagua.pt\/wp-content\/uploads\/2017\/08\/2-3-510x382.jpg 510w\" sizes=\"auto, (max-width: 400px) 100vw, 400px\" \/><p id=\"caption-attachment-1767\" class=\"wp-caption-text\"><span style=\"color: #333333;\">Work in progress<\/span><\/p><\/div>\n<p><span style=\"color: #333333;\">O conceito foi tirar partido da planta circular do moinho e representar o ciclo anual, atrav\u00e9s da utiliza\u00e7\u00e3o de um conjunto de 6 diferentes \u201cpersonagens\u201d ou \u201cactividades\u201d para cada esta\u00e7\u00e3o do ano. S\u00e3o assim 24 imagens representativas dos habitats, esp\u00e9cies, paisagens e modos de vida da serra da Lapa e do planalto da Nave. Ao entrar o visitante acciona um mecanismo temporizador que ilumina o espa\u00e7o dando a percep\u00e7\u00e3o do conjunto do ciclo; posteriormente o mecanismo passa a conduzir a ilumina\u00e7\u00e3o pontualmente por cada personagem, permitindo a sua adequada leitura.<\/span><\/p>\n<div id=\"attachment_1768\" style=\"width: 410px\" class=\"wp-caption aligncenter\"><img loading=\"lazy\" decoding=\"async\" aria-describedby=\"caption-attachment-1768\" class=\"wp-image-1768 \" src=\"https:\/\/maedagua.pt\/wp-content\/uploads\/2017\/08\/3-2.jpg\" alt=\"O ciclo das esta\u00e7\u00f5es, representado atrav\u00e9s de um painel circular aproveitando a planta do moinho\" width=\"400\" height=\"299\" srcset=\"https:\/\/maedagua.pt\/wp-content\/uploads\/2017\/08\/3-2.jpg 795w, https:\/\/maedagua.pt\/wp-content\/uploads\/2017\/08\/3-2-300x225.jpg 300w, https:\/\/maedagua.pt\/wp-content\/uploads\/2017\/08\/3-2-768x576.jpg 768w, https:\/\/maedagua.pt\/wp-content\/uploads\/2017\/08\/3-2-510x382.jpg 510w\" sizes=\"auto, (max-width: 400px) 100vw, 400px\" \/><p id=\"caption-attachment-1768\" class=\"wp-caption-text\"><span style=\"color: #333333;\">Lamosa ontem e hoje<\/span><\/p><\/div>\n<p><span style=\"color: #333333;\">O Centro de Biointerpreta\u00e7\u00e3o da Lamosa, comporta v\u00e1rias val\u00eancias (moinho, centro pedag\u00f3gico, trilhos de interpreta\u00e7\u00e3o), tendo sido inaugurado em 2013. Foi uma iniciativa da CM de Sernancelhe com o apoio da UTAD. Se andarem pelas \u201cTerras do Demo\u201d, ou por l\u00e1 perto, fa\u00e7am uma visita!<\/span><\/p>\n<p>&nbsp;<\/p>\n<div id=\"attachment_1769\" style=\"width: 410px\" class=\"wp-caption aligncenter\"><img loading=\"lazy\" decoding=\"async\" aria-describedby=\"caption-attachment-1769\" class=\"wp-image-1769 \" src=\"https:\/\/maedagua.pt\/wp-content\/uploads\/2017\/08\/4-2.jpg\" alt=\"Os moinhos de ventos n\u00e3o fazem parte das tecnologias de moagem regionais, compostas essencialmente por moinhos de \u00e1gua. Trata-se pois de um exemplo \u00fanico, reaproveitado como estrutura interpretativa\" width=\"400\" height=\"300\" srcset=\"https:\/\/maedagua.pt\/wp-content\/uploads\/2017\/08\/4-2.jpg 795w, https:\/\/maedagua.pt\/wp-content\/uploads\/2017\/08\/4-2-300x225.jpg 300w, https:\/\/maedagua.pt\/wp-content\/uploads\/2017\/08\/4-2-768x576.jpg 768w, https:\/\/maedagua.pt\/wp-content\/uploads\/2017\/08\/4-2-510x382.jpg 510w\" sizes=\"auto, (max-width: 400px) 100vw, 400px\" \/><p id=\"caption-attachment-1769\" class=\"wp-caption-text\"><span style=\"color: #333333;\">Exterior do moinho da Lamosa<\/span><\/p><\/div>\n<p>[\/et_pb_text][et_pb_text _builder_version=&#8221;3.0.69&#8243; text_font_size=&#8221;13px&#8221; text_line_height=&#8221;1.5em&#8221; background_size=&#8221;initial&#8221; background_position=&#8221;top_left&#8221; background_repeat=&#8221;repeat&#8221; background_layout=&#8221;light&#8221; text_orientation=&#8221;left&#8221; border_style=&#8221;solid&#8221; saved_tabs=&#8221;all&#8221; module_alignment=&#8221;left&#8221; border_style_all=&#8221;solid&#8221;]<\/p>\n<p><span style=\"color: #333333;\">Trabalho desenvolvido pela M\u00e3e d\u00b4\u00e1gua com a colabora\u00e7\u00e3o de Rosa Bernardo (ilustra\u00e7\u00f5es); Anselmo Costa (design gr\u00e1fico); Tim\u00f3teo Mendes (ilumina\u00e7\u00e3o, sonoriza\u00e7\u00e3o e automa\u00e7\u00e3o); B2R (impress\u00f5es); Marcelo Paix\u00e3o (serralharia)<\/span><\/p>\n<p>[\/et_pb_text][\/et_pb_column_inner][\/et_pb_row_inner][et_pb_row_inner][et_pb_column_inner type=&#8221;1_2&#8243; saved_specialty_column_type=&#8221;3_4&#8243;][et_pb_social_media_follow _builder_version=&#8221;3.0.69&#8243; link_shape=&#8221;rounded_rectangle&#8221; url_new_window=&#8221;off&#8221; follow_button=&#8221;off&#8221; background_layout=&#8221;light&#8221; saved_tabs=&#8221;all&#8221; border_radii=&#8221;rounded_rectangle&#8221;] [et_pb_social_media_follow_network social_network=&#8221;facebook&#8221; src=&#8221;%22https:\/\/www.facebook.com\/plugins\/post.php?href=https%3A%2F%2Fwww.facebook.com%2Fmaedagua.pt%2Fposts%2F699181836948463%3A0&amp;width=500%22&#8243; width=&#8221;%22500%22&#8243; height=&#8221;%22520%22&#8243; style=&#8221;%22border:none;overflow:hidden%22&#8243; scrolling=&#8221;%22no%22&#8243; frameborder=&#8221;%220%22&#8243; bg_color=&#8221;#3b5998&#8243; _builder_version=&#8221;3.0.47&#8243; link_shape=&#8221;rounded_rectangle&#8221; follow_button=&#8221;off&#8221; url_new_window=&#8221;on&#8221; skype_action=&#8221;call&#8221; url=&#8221;https:\/\/www.facebook.com\/maedagua.pt\/posts\/699181836948463:0&#8243;] Facebook [\/et_pb_social_media_follow_network][et_pb_social_media_follow_network social_network=&#8221;linkedin&#8221; url=&#8221;https:\/\/www.linkedin.com\/feed\/update\/urn:li:activity:6305318376675770368&#8243; bg_color=&#8221;#007bb6&#8243; _builder_version=&#8221;3.0.47&#8243; link_shape=&#8221;rounded_rectangle&#8221; follow_button=&#8221;off&#8221; url_new_window=&#8221;on&#8221; skype_action=&#8221;call&#8221;] LinkedIn [\/et_pb_social_media_follow_network] [\/et_pb_social_media_follow][\/et_pb_column_inner][et_pb_column_inner type=&#8221;1_2&#8243; saved_specialty_column_type=&#8221;3_4&#8243;][\/et_pb_column_inner][\/et_pb_row_inner][et_pb_row_inner admin_label=&#8221;Row&#8221;][et_pb_column_inner type=&#8221;4_4&#8243; saved_specialty_column_type=&#8221;3_4&#8243;][et_pb_post_nav _builder_version=&#8221;3.0.89&#8243; in_same_term=&#8221;off&#8221; show_prev=&#8221;on&#8221; show_next=&#8221;on&#8221; title_font_size=&#8221;12px&#8221; title_text_color=&#8221;#2ea3f2&#8243; custom_padding=&#8221;10px|20px|10px|20px&#8221; border_width_all=&#8221;1px&#8221; border_color_all=&#8221;#2ea3f2&#8243; prev_text=&#8221;Anterior&#8221; next_text=&#8221;Pr\u00f3ximo&#8221; saved_tabs=&#8221;all&#8221; \/][\/et_pb_column_inner][\/et_pb_row_inner][\/et_pb_column][et_pb_column type=&#8221;1_4&#8243;][et_pb_sidebar orientation=&#8221;right&#8221; area=&#8221;sidebar-1&#8243; remove_border=&#8221;on&#8221; _builder_version=&#8221;3.0.69&#8243; header_font=&#8221;|on|||&#8221; header_font_size=&#8221;15px&#8221; header_line_height=&#8221;2.5em&#8221; body_font_size=&#8221;12px&#8221; body_line_height=&#8221;1.5em&#8221; saved_tabs=&#8221;all&#8221; background_layout=&#8221;light&#8221; show_border=&#8221;on&#8221; \/][\/et_pb_column][\/et_pb_section]<\/p>\n","protected":false},"excerpt":{"rendered":"<p>Os primeiros j\u00e1 chegaram!<br \/>\nS\u00e3o conhecidos por tralh\u00f5es, taralh\u00f5es, piscos-d\u2019asa-branca, ou mais eruditamente por papa-moscas-pretos&#8230;<\/p>\n","protected":false},"author":1,"featured_media":1772,"comment_status":"closed","ping_status":"closed","sticky":false,"template":"","format":"standard","meta":{"_et_pb_use_builder":"on","_et_pb_old_content":"","_et_gb_content_width":"","_mi_skip_tracking":false,"footnotes":""},"categories":[30,36,35],"tags":[40,38,37,39,42,41],"class_list":["post-1766","post","type-post","status-publish","format-standard","has-post-thumbnail","hentry","category-centros-interpretativos","category-ilustracao","category-migracao","tag-cm-sernancelhe","tag-moinho-de-vento","tag-papa-moscas-preto","tag-serra-da-lapa","tag-terras-do-demo","tag-utad"],"_links":{"self":[{"href":"https:\/\/maedagua.pt\/index.php?rest_route=\/wp\/v2\/posts\/1766","targetHints":{"allow":["GET"]}}],"collection":[{"href":"https:\/\/maedagua.pt\/index.php?rest_route=\/wp\/v2\/posts"}],"about":[{"href":"https:\/\/maedagua.pt\/index.php?rest_route=\/wp\/v2\/types\/post"}],"author":[{"embeddable":true,"href":"https:\/\/maedagua.pt\/index.php?rest_route=\/wp\/v2\/users\/1"}],"replies":[{"embeddable":true,"href":"https:\/\/maedagua.pt\/index.php?rest_route=%2Fwp%2Fv2%2Fcomments&post=1766"}],"version-history":[{"count":15,"href":"https:\/\/maedagua.pt\/index.php?rest_route=\/wp\/v2\/posts\/1766\/revisions"}],"predecessor-version":[{"id":2264,"href":"https:\/\/maedagua.pt\/index.php?rest_route=\/wp\/v2\/posts\/1766\/revisions\/2264"}],"wp:featuredmedia":[{"embeddable":true,"href":"https:\/\/maedagua.pt\/index.php?rest_route=\/wp\/v2\/media\/1772"}],"wp:attachment":[{"href":"https:\/\/maedagua.pt\/index.php?rest_route=%2Fwp%2Fv2%2Fmedia&parent=1766"}],"wp:term":[{"taxonomy":"category","embeddable":true,"href":"https:\/\/maedagua.pt\/index.php?rest_route=%2Fwp%2Fv2%2Fcategories&post=1766"},{"taxonomy":"post_tag","embeddable":true,"href":"https:\/\/maedagua.pt\/index.php?rest_route=%2Fwp%2Fv2%2Ftags&post=1766"}],"curies":[{"name":"wp","href":"https:\/\/api.w.org\/{rel}","templated":true}]}}